{"id":10245,"date":"2023-04-20T23:30:25","date_gmt":"2023-04-20T23:30:25","guid":{"rendered":"https:\/\/ugelabancay.gob.pe\/w\/?p=10245"},"modified":"2023-04-21T00:24:01","modified_gmt":"2023-04-21T00:24:01","slug":"inscribete-al-evento-ninas-talento-digital-peru-2023","status":"publish","type":"post","link":"https:\/\/ugelabancay.gob.pe\/w\/?p=10245","title":{"rendered":"INSCR\u00cdBETE AL EVENTO: \u201cNI\u00d1AS TALENTO DIGITAL PER\u00da 2023\u201d"},"content":{"rendered":"\n<p>Un espacio \u00fanico en el que impulsar\u00e1s tus habilidades de la mano de expertas en el rubro de las tecnolog\u00edas e innovaci\u00f3n.<br>\u270d\ufe0f\u00a1Inscr\u00edbete aqu\u00ed y s\u00e9 la pr\u00f3xima Mujer Tec!<br><a href=\"https:\/\/docs.google.com\/forms\/d\/e\/1FAIpQLScts-JMnn0GMHvBe400cNiUUmAyznm5yjGRW-a2pQXOe1qsBA\/viewform\">https:\/\/docs.google.com\/forms\/d\/e\/1FAIpQLScts-JMnn0GMHvBe400cNiUUmAyznm5yjGRW-a2pQXOe1qsBA\/viewform<\/a><\/p>\n\n\n\n<p>S<strong><em>e desarrollar\u00e1n talleres para potenciar las habilidades digitales de las estudiantes del nivel secundaria.<\/em><\/strong><\/p>\n\n\n\n<p>\u00daltimo d\u00eda de inscripci\u00f3n: viernes 21 de abril del 2023<\/p>\n\n\n\n<figure class=\"wp-block-image size-large\"><img decoding=\"async\" width=\"718\" height=\"1024\" src=\"https:\/\/ugelabancay.gob.pe\/w\/wp-content\/uploads\/2023\/04\/WhatsApp-Image-2023-04-20-at-5.28.36-PM-718x1024.jpeg\" alt=\"\" class=\"wp-image-10246\" srcset=\"https:\/\/ugelabancay.gob.pe\/w\/wp-content\/uploads\/2023\/04\/WhatsApp-Image-2023-04-20-at-5.28.36-PM-718x1024.jpeg 718w, https:\/\/ugelabancay.gob.pe\/w\/wp-content\/uploads\/2023\/04\/WhatsApp-Image-2023-04-20-at-5.28.36-PM-480x685.jpeg 480w\" sizes=\"(min-width: 0px) and (max-width: 480px) 480px, (min-width: 481px) 718px, 100vw\" \/><\/figure>\n\n\n\n<p>El Ministerio de Educaci\u00f3n se suma al esfuerzo mundial para celebrar el evento&nbsp;<strong>Ni\u00f1as Talento Digital Per\u00fa 2023<\/strong>, en el marco del&nbsp;<strong>D\u00eda Internacional de las Ni\u00f1as en las TIC<\/strong>, promoviendo el uso adecuado de las tecnolog\u00edas digitales en estudiantes mujeres de la Educaci\u00f3n B\u00e1sica.<\/p>\n\n\n\n<p><strong>&nbsp;Dicho evento se realizar\u00e1 del 24 al 27 de abril y que contar\u00e1 con la participaci\u00f3n de m\u00e1s de 7,000 estudiantes mujeres de la educaci\u00f3n b\u00e1sica del nivel secundaria de todo el Per\u00fa.<\/strong><\/p>\n\n\n\n<p>La iniciativa se centra en promover espacios de innovaci\u00f3n para el desarrollo de competencias digitales en las estudiantes y fortalecimiento de la vocaci\u00f3n profesional hacia las carreras relacionadas con las nuevas tecnolog\u00edas de informaci\u00f3n y comunicaci\u00f3n, las ciencias y las matem\u00e1ticas.<\/p>\n\n\n\n<p><strong>La Direcci\u00f3n de Innovaci\u00f3n Tecnol\u00f3gica en Educaci\u00f3n del MINEDU, hace un llamado a todas las estudiantes de nivel secundaria de la UGEL Abancay y la regi\u00f3n Apur\u00edmac, a inscribirse y ser parte del cambio, para que juntos podamos so\u00f1ar, crear e innovar por un pa\u00eds mejor. Para orientaciones contactarse al tel\u00e9fono 949915369.<\/strong><\/p>\n\n\n\n<figure class=\"wp-block-image size-large\"><img decoding=\"async\" width=\"847\" height=\"434\" src=\"https:\/\/ugelabancay.gob.pe\/w\/wp-content\/uploads\/2023\/04\/WhatsApp-Image-2023-04-20-at-5.27.44-PM.jpeg\" alt=\"\" class=\"wp-image-10247\" srcset=\"https:\/\/ugelabancay.gob.pe\/w\/wp-content\/uploads\/2023\/04\/WhatsApp-Image-2023-04-20-at-5.27.44-PM.jpeg 847w, https:\/\/ugelabancay.gob.pe\/w\/wp-content\/uploads\/2023\/04\/WhatsApp-Image-2023-04-20-at-5.27.44-PM-480x246.jpeg 480w\" sizes=\"(min-width: 0px) and (max-width: 480px) 480px, (min-width: 481px) 847px, 100vw\" \/><\/figure>\n","protected":false},"excerpt":{"rendered":"<p>Un espacio \u00fanico en el que impulsar\u00e1s tus habilidades de la mano de expertas en el rubro de las tecnolog\u00edas e innovaci\u00f3n.\u270d\ufe0f\u00a1Inscr\u00edbete aqu\u00ed y s\u00e9 la pr\u00f3xima Mujer Tec!https:\/\/docs.google.com\/forms\/d\/e\/1FAIpQLScts-JMnn0GMHvBe400cNiUUmAyznm5yjGRW-a2pQXOe1qsBA\/viewform Se desarrollar\u00e1n talleres para potenciar las habilidades digitales de las estudiantes del nivel secundaria. \u00daltimo d\u00eda de inscripci\u00f3n: viernes 21 de abril del 2023 El Ministerio [&hellip;]<\/p>\n","protected":false},"author":4,"featured_media":4125,"comment_status":"closed","ping_status":"open","sticky":false,"template":"","format":"standard","meta":{"_acf_changed":false,"_et_pb_use_builder":"","_et_pb_old_content":"","_et_gb_content_width":"","footnotes":""},"categories":[11,5,25],"tags":[],"class_list":["post-10245","post","type-post","status-publish","format-standard","has-post-thumbnail","hentry","category-comunicados","category-noticias","category-secundaria"],"acf":[],"_links":{"self":[{"href":"https:\/\/ugelabancay.gob.pe\/w\/index.php?rest_route=\/wp\/v2\/posts\/10245","targetHints":{"allow":["GET"]}}],"collection":[{"href":"https:\/\/ugelabancay.gob.pe\/w\/index.php?rest_route=\/wp\/v2\/posts"}],"about":[{"href":"https:\/\/ugelabancay.gob.pe\/w\/index.php?rest_route=\/wp\/v2\/types\/post"}],"author":[{"embeddable":true,"href":"https:\/\/ugelabancay.gob.pe\/w\/index.php?rest_route=\/wp\/v2\/users\/4"}],"replies":[{"embeddable":true,"href":"https:\/\/ugelabancay.gob.pe\/w\/index.php?rest_route=%2Fwp%2Fv2%2Fcomments&post=10245"}],"version-history":[{"count":3,"href":"https:\/\/ugelabancay.gob.pe\/w\/index.php?rest_route=\/wp\/v2\/posts\/10245\/revisions"}],"predecessor-version":[{"id":10250,"href":"https:\/\/ugelabancay.gob.pe\/w\/index.php?rest_route=\/wp\/v2\/posts\/10245\/revisions\/10250"}],"wp:featuredmedia":[{"embeddable":true,"href":"https:\/\/ugelabancay.gob.pe\/w\/index.php?rest_route=\/wp\/v2\/media\/4125"}],"wp:attachment":[{"href":"https:\/\/ugelabancay.gob.pe\/w\/index.php?rest_route=%2Fwp%2Fv2%2Fmedia&parent=10245"}],"wp:term":[{"taxonomy":"category","embeddable":true,"href":"https:\/\/ugelabancay.gob.pe\/w\/index.php?rest_route=%2Fwp%2Fv2%2Fcategories&post=10245"},{"taxonomy":"post_tag","embeddable":true,"href":"https:\/\/ugelabancay.gob.pe\/w\/index.php?rest_route=%2Fwp%2Fv2%2Ftags&post=10245"}],"curies":[{"name":"wp","href":"https:\/\/api.w.org\/{rel}","templated":true}]}}