{"id":10427,"date":"2023-05-19T06:43:48","date_gmt":"2023-05-19T06:43:48","guid":{"rendered":"https:\/\/ugelabancay.gob.pe\/w\/?p=10427"},"modified":"2023-05-19T06:45:29","modified_gmt":"2023-05-19T06:45:29","slug":"convenio-interinsticional-para-fortalecer-a-los-ceba-ugel-abancay","status":"publish","type":"post","link":"https:\/\/ugelabancay.gob.pe\/w\/?p=10427","title":{"rendered":"CONVENIO INTERINSTICIONAL PARA FORTALECER A LOS CEBA-UGEL ABANCAY"},"content":{"rendered":"\n<figure class=\"wp-block-image size-large\"><img decoding=\"async\" width=\"642\" height=\"541\" src=\"https:\/\/ugelabancay.gob.pe\/w\/wp-content\/uploads\/2023\/05\/WhatsApp-Image-2023-05-19-at-1.29.10-AM.jpeg\" alt=\"\" class=\"wp-image-10428\" srcset=\"https:\/\/ugelabancay.gob.pe\/w\/wp-content\/uploads\/2023\/05\/WhatsApp-Image-2023-05-19-at-1.29.10-AM.jpeg 642w, https:\/\/ugelabancay.gob.pe\/w\/wp-content\/uploads\/2023\/05\/WhatsApp-Image-2023-05-19-at-1.29.10-AM-480x404.jpeg 480w\" sizes=\"(min-width: 0px) and (max-width: 480px) 480px, (min-width: 481px) 642px, 100vw\" \/><\/figure>\n\n\n\n<div class=\"wp-block-file\"><a href=\"https:\/\/ugelabancay.gob.pe\/w\/wp-content\/uploads\/2023\/05\/CONVENIO-1.pdf\">CONVENIO-1<\/a><a href=\"https:\/\/ugelabancay.gob.pe\/w\/wp-content\/uploads\/2023\/05\/CONVENIO-1.pdf\" class=\"wp-block-file__button\" download>Descarga<\/a><\/div>\n\n\n\n<p><a><strong>FIRMAN CONVENIO INTERINSTITUCIONAL PARA PROMOVER LA EDUCACI\u00d3N B\u00c1SICA ALTERNATIVA EN ABANCAY.<\/strong><\/a><\/p>\n\n\n\n<p>En el Auditorio de la Municipalidad Provincial de Abancay, este viernes 18 de mayo, el director del Centro de Educaci\u00f3n B\u00e1sica Alternativa \u201cAurora In\u00e9s Tejada\u201d Prof. Am\u00edlcar Charles Marroqu\u00edn Soel y el Alcalde provincial, N\u00e9stor Ra\u00fal Pe\u00f1a S\u00e1nchez, firmaron un convenio interinstitucional con el objetivo de brindar atenci\u00f3n a personas de 14 a\u00f1os a m\u00e1s, que no accedieron al sistema educativo o no culminaron la educaci\u00f3n b\u00e1sica.<\/p>\n\n\n\n<p>Marroqu\u00edn Soel, director del CEBA \u201cAurora In\u00e9s Tejada\u201d dijo que la Educaci\u00f3n B\u00e1sica Alternativa brinda facilidades de estudio a adolescentes, j\u00f3venes y adultos, que por diversos motivos se retiraron de la escuela y el colegio o no lograron estudiar en su mayor\u00eda por trabajo , en este sentido, los CEBA brinda todas las facilidades de estudio, para que culminen su etapa escolar de acuerdo a sus necesidades y disponibilidad de tiempo.<\/p>\n\n\n\n<p>Acot\u00f3, que los estudiantes pueden asistir a los CEBA, en el horario que m\u00e1s les convenga, en ese sentido, nuestra instituci\u00f3n educativa ofrece sus servicios de lunes a domingo, en turnos diurno, vespertino y nocturno.<\/p>\n\n\n\n<p>Por su parte, Pe\u00f1a S\u00e1nchez, alcalde de la Municipalidad Provincial de Abancay, agradeci\u00f3 de manera especial a los directores y docentes del CEBA \u00abAurora In\u00e9s Tejada\u00bb, por ese verdadero compromiso que tienen con la educaci\u00f3n b\u00e1sica alternativa, precis\u00f3 que, es una de sus prioridades de su gesti\u00f3n, porque un ciudadano educado y con habilidades sociales coadyuvan al desarrollo de un pueblo.<\/p>\n\n\n\n<p>Precis\u00f3 que, a trav\u00e9s de este convenio y la ordenanza municipal que pronto ser\u00e1 refrendada, se podr\u00e1 intervenir en los diferentes programas sociales como: Vaso de leche, comedores populares y trabajadores de limpieza p\u00fablica, entre otros. Estas personas tendr\u00e1n la oportunidad de culminar sus estudios bajo el liderazgo del personal docente del \u201cCEBA \u2013 \u201cAurora In\u00e9s Tejada\u00bb y con el apoyo de la UGEL \u2013 Abancay.<\/p>\n\n\n\n<p>\u201cLa EBA se organiza flexiblemente en funci\u00f3n de las necesidades y demandas espec\u00edficas por ello los estudiantes pueden compatibilizar el trabajo con el estudio, adem\u00e1s, admite el reconocimiento de sus trayectorias educativas y experiencias de vida, as\u00ed como la existencia de otros espacios educativos en la comunidad que fortalecen los aprendizajes de los estudiantes\u201d remarc\u00f3 la profesora Matilde C\u00f3rdova, especialista de EBA de la DRE-Apur\u00edmac.<\/p>\n","protected":false},"excerpt":{"rendered":"<p>FIRMAN CONVENIO INTERINSTITUCIONAL PARA PROMOVER LA EDUCACI\u00d3N B\u00c1SICA ALTERNATIVA EN ABANCAY. En el Auditorio de la Municipalidad Provincial de Abancay, este viernes 18 de mayo, el director del Centro de Educaci\u00f3n B\u00e1sica Alternativa \u201cAurora In\u00e9s Tejada\u201d Prof. Am\u00edlcar Charles Marroqu\u00edn Soel y el Alcalde provincial, N\u00e9stor Ra\u00fal Pe\u00f1a S\u00e1nchez, firmaron un convenio interinstitucional con el [&hellip;]<\/p>\n","protected":false},"author":4,"featured_media":4125,"comment_status":"closed","ping_status":"open","sticky":false,"template":"","format":"standard","meta":{"_acf_changed":false,"_et_pb_use_builder":"","_et_pb_old_content":"","_et_gb_content_width":"","footnotes":""},"categories":[11,5],"tags":[],"class_list":["post-10427","post","type-post","status-publish","format-standard","has-post-thumbnail","hentry","category-comunicados","category-noticias"],"acf":[],"_links":{"self":[{"href":"https:\/\/ugelabancay.gob.pe\/w\/index.php?rest_route=\/wp\/v2\/posts\/10427","targetHints":{"allow":["GET"]}}],"collection":[{"href":"https:\/\/ugelabancay.gob.pe\/w\/index.php?rest_route=\/wp\/v2\/posts"}],"about":[{"href":"https:\/\/ugelabancay.gob.pe\/w\/index.php?rest_route=\/wp\/v2\/types\/post"}],"author":[{"embeddable":true,"href":"https:\/\/ugelabancay.gob.pe\/w\/index.php?rest_route=\/wp\/v2\/users\/4"}],"replies":[{"embeddable":true,"href":"https:\/\/ugelabancay.gob.pe\/w\/index.php?rest_route=%2Fwp%2Fv2%2Fcomments&post=10427"}],"version-history":[{"count":2,"href":"https:\/\/ugelabancay.gob.pe\/w\/index.php?rest_route=\/wp\/v2\/posts\/10427\/revisions"}],"predecessor-version":[{"id":10432,"href":"https:\/\/ugelabancay.gob.pe\/w\/index.php?rest_route=\/wp\/v2\/posts\/10427\/revisions\/10432"}],"wp:featuredmedia":[{"embeddable":true,"href":"https:\/\/ugelabancay.gob.pe\/w\/index.php?rest_route=\/wp\/v2\/media\/4125"}],"wp:attachment":[{"href":"https:\/\/ugelabancay.gob.pe\/w\/index.php?rest_route=%2Fwp%2Fv2%2Fmedia&parent=10427"}],"wp:term":[{"taxonomy":"category","embeddable":true,"href":"https:\/\/ugelabancay.gob.pe\/w\/index.php?rest_route=%2Fwp%2Fv2%2Fcategories&post=10427"},{"taxonomy":"post_tag","embeddable":true,"href":"https:\/\/ugelabancay.gob.pe\/w\/index.php?rest_route=%2Fwp%2Fv2%2Ftags&post=10427"}],"curies":[{"name":"wp","href":"https:\/\/api.w.org\/{rel}","templated":true}]}}