{"id":10623,"date":"2023-06-21T04:12:43","date_gmt":"2023-06-21T04:12:43","guid":{"rendered":"https:\/\/ugelabancay.gob.pe\/w\/?p=10623"},"modified":"2023-06-21T04:12:45","modified_gmt":"2023-06-21T04:12:45","slug":"paticipa-en-el-programa-naciona-de-formacion-docente-en-formacion","status":"publish","type":"post","link":"https:\/\/ugelabancay.gob.pe\/w\/?p=10623","title":{"rendered":"PATICIPA EN EL PROGRAMA NACIONA DE FORMACI\u00d3N DOCENTE EN FORMACI\u00d3N"},"content":{"rendered":"\n<p>Los docentes se inscriben directamente en el SIFODS<br><a href=\"https:\/\/sifods.minedu.gob.pe\/\">https:\/\/sifods.minedu.gob.pe\/<\/a><\/p>\n\n\n\n<figure class=\"wp-block-image size-large\"><img decoding=\"async\" width=\"625\" height=\"500\" src=\"https:\/\/ugelabancay.gob.pe\/w\/wp-content\/uploads\/2023\/06\/625X500.png\" alt=\"\" class=\"wp-image-10624\" srcset=\"https:\/\/ugelabancay.gob.pe\/w\/wp-content\/uploads\/2023\/06\/625X500.png 625w, https:\/\/ugelabancay.gob.pe\/w\/wp-content\/uploads\/2023\/06\/625X500-480x384.png 480w\" sizes=\"(min-width: 0px) and (max-width: 480px) 480px, (min-width: 481px) 625px, 100vw\" \/><\/figure>\n\n\n\n<p>NOTA DE PRENSA<\/p>\n\n\n\n<p><strong>MINEDU LANZA CONVOCATORIA PARA PARTICIPAR EN EL PROGRAMA NACIONAL DE FORMACI\u00d3N DOCENTE EN SERVICIO<\/strong><\/p>\n\n\n\n<p>Con el prop\u00f3sito de desarrollar las competencias de los docentes que respondan a sus necesidades y a los aprendizajes de los estudiantes, respecto a la conducci\u00f3n de los procesos de ense\u00f1anza y aprendizaje en un clima de convivencia escolar democr\u00e1tica e intercultural, fortaleciendo la competencia lectora en las diversas \u00e1reas y considerando los aportes de la Neuroeducaci\u00f3n; el Ministerio de Educaci\u00f3n , a trav\u00e9s de la Direcci\u00f3n de Formaci\u00f3n Docente en Servicio, invita a los docentes de Educaci\u00f3n B\u00e1sica Regular (EBR) que comprende IIEE de Educaci\u00f3n Intercultural Biling\u00fce (EIB) a inscribirse y participar en el Programa Nacional de Formaci\u00f3n Docente en Servicio .<\/p>\n\n\n\n<p>La meta es fortalecer las competencias profesionales de 120 mil docentes de Educaci\u00f3n B\u00e1sica Regular, que comprende adem\u00e1s, II.EE de Educaci\u00f3n Intercultural Biling\u00fce de primaria multigrado.&nbsp;<\/p>\n\n\n\n<p><strong>\u00bfC\u00f3mo est\u00e1 organizado el programa?<\/strong><\/p>\n\n\n\n<p>Comprende 2 m\u00f3dulos y cinco cursos distribuidos de la siguiente manera:<\/p>\n\n\n\n<p><strong>M\u00d3DULO 1:<\/strong><\/p>\n\n\n\n<p><strong>CURSO<\/strong>: La convivencia democr\u00e1tica e intercultural en el aula y la escuela (32 horas)<\/p>\n\n\n\n<p><strong>CURSO:<\/strong> Aportes de la neuroeducaci\u00f3n al proceso de ense\u00f1anza y aprendizaje (32 horas)<\/p>\n\n\n\n<p><strong>CURSO: <\/strong>La competencia lectora en el proceso de ense\u00f1anza (32 horas)<\/p>\n\n\n\n<p><strong>Webinars <\/strong>(2 horas de duraci\u00f3n cada uno):<\/p>\n\n\n\n<ul class=\"wp-block-list\"><li>Convivencia democr\u00e1tica e intercultural en el proceso de ense\u00f1anza aprendizaje<\/li><li>Promoci\u00f3n de la salud mental en la comunidad educativa<\/li><li>Funciones ejecutivas en el proceso de ense\u00f1anza y aprendizaje<\/li><li>La competencia lectora en las \u00e1reas curriculares del CNEB<\/li><\/ul>\n\n\n\n<p><strong>M\u00d3DULO 2:<\/strong><\/p>\n\n\n\n<p><strong>CURSO: <\/strong>Metodolog\u00edas activas en el proceso de ense\u00f1anza y aprendizaje (64 horas)<\/p>\n\n\n\n<p><strong>CURSO: <\/strong>Evaluaci\u00f3n formativa (32 horas)<\/p>\n\n\n\n<p><strong>Microlearning<\/strong>:<\/p>\n\n\n\n<ul class=\"wp-block-list\"><li>Enfoque por competencias y los enfoques transversales<\/li><li>Aprendizaje basado en problemas<\/li><li>Aprendizaje basado en proyectos<\/li><li>Aprendizaje servicio<\/li><li>Criterios de evaluaci\u00f3n<\/li><li>Retroalimentaci\u00f3n formativa<\/li><\/ul>\n\n\n\n<p>Al finalizar el Programa, los docentes contar\u00e1n con su portafolio como producto de su aprendizaje, el cual tendr\u00e1: narraciones reflexivas de su pr\u00e1ctica y actividades de aprendizaje desarrolladas con metodolog\u00edas activas.<\/p>\n\n\n\n<p><strong>Cronograma e inscripci\u00f3n: &nbsp;<\/strong><\/p>\n\n\n\n<p>A continuaci\u00f3n compartimos el cronograma de la <strong>modalidad a distancia con mesa de ayuda pedag\u00f3gica<\/strong><\/p>\n\n\n\n<figure class=\"wp-block-table\"><table><tbody><tr><td><strong>Inscripci\u00f3n<\/strong><\/td><\/tr><tr><td>Del 12 al 26 de junio<\/td><\/tr><\/tbody><\/table><\/figure>\n\n\n\n<p>Las inscripciones se realizan en el Sistema Integrado de Formaci\u00f3n Docente en Servicio \u2013 SIFODS, <a href=\"https:\/\/sifods.minedu.gob.pe\">https:\/\/sifods.minedu.gob.pe<\/a>&nbsp; .<\/p>\n\n\n\n<p>Para consultas comunicarse al 6155800 anexo 21337 o v\u00eda mensaje de WhatsApp a los siguientes n\u00fameros: 993765042 \u2013 983098961 \u2013 989183633 \u2013 989339304 en el horario de lunes a viernes de 8:30 a 13:00 y de 14: 00 a 17:00 horas. <\/p>\n\n\n\n<figure class=\"wp-block-image size-large\"><img decoding=\"async\" width=\"737\" height=\"294\" src=\"https:\/\/ugelabancay.gob.pe\/w\/wp-content\/uploads\/2023\/06\/WhatsApp-Image-2023-06-20-at-11.09.56-PM.jpeg\" alt=\"\" class=\"wp-image-10625\" srcset=\"https:\/\/ugelabancay.gob.pe\/w\/wp-content\/uploads\/2023\/06\/WhatsApp-Image-2023-06-20-at-11.09.56-PM.jpeg 737w, https:\/\/ugelabancay.gob.pe\/w\/wp-content\/uploads\/2023\/06\/WhatsApp-Image-2023-06-20-at-11.09.56-PM-480x191.jpeg 480w\" sizes=\"(min-width: 0px) and (max-width: 480px) 480px, (min-width: 481px) 737px, 100vw\" \/><\/figure>\n","protected":false},"excerpt":{"rendered":"<p>Los docentes se inscriben directamente en el SIFODShttps:\/\/sifods.minedu.gob.pe\/ NOTA DE PRENSA MINEDU LANZA CONVOCATORIA PARA PARTICIPAR EN EL PROGRAMA NACIONAL DE FORMACI\u00d3N DOCENTE EN SERVICIO Con el prop\u00f3sito de desarrollar las competencias de los docentes que respondan a sus necesidades y a los aprendizajes de los estudiantes, respecto a la conducci\u00f3n de los procesos de [&hellip;]<\/p>\n","protected":false},"author":4,"featured_media":4125,"comment_status":"closed","ping_status":"open","sticky":false,"template":"","format":"standard","meta":{"_acf_changed":false,"_et_pb_use_builder":"","_et_pb_old_content":"","_et_gb_content_width":"","footnotes":""},"categories":[11,5],"tags":[],"class_list":["post-10623","post","type-post","status-publish","format-standard","has-post-thumbnail","hentry","category-comunicados","category-noticias"],"acf":[],"_links":{"self":[{"href":"https:\/\/ugelabancay.gob.pe\/w\/index.php?rest_route=\/wp\/v2\/posts\/10623","targetHints":{"allow":["GET"]}}],"collection":[{"href":"https:\/\/ugelabancay.gob.pe\/w\/index.php?rest_route=\/wp\/v2\/posts"}],"about":[{"href":"https:\/\/ugelabancay.gob.pe\/w\/index.php?rest_route=\/wp\/v2\/types\/post"}],"author":[{"embeddable":true,"href":"https:\/\/ugelabancay.gob.pe\/w\/index.php?rest_route=\/wp\/v2\/users\/4"}],"replies":[{"embeddable":true,"href":"https:\/\/ugelabancay.gob.pe\/w\/index.php?rest_route=%2Fwp%2Fv2%2Fcomments&post=10623"}],"version-history":[{"count":1,"href":"https:\/\/ugelabancay.gob.pe\/w\/index.php?rest_route=\/wp\/v2\/posts\/10623\/revisions"}],"predecessor-version":[{"id":10626,"href":"https:\/\/ugelabancay.gob.pe\/w\/index.php?rest_route=\/wp\/v2\/posts\/10623\/revisions\/10626"}],"wp:featuredmedia":[{"embeddable":true,"href":"https:\/\/ugelabancay.gob.pe\/w\/index.php?rest_route=\/wp\/v2\/media\/4125"}],"wp:attachment":[{"href":"https:\/\/ugelabancay.gob.pe\/w\/index.php?rest_route=%2Fwp%2Fv2%2Fmedia&parent=10623"}],"wp:term":[{"taxonomy":"category","embeddable":true,"href":"https:\/\/ugelabancay.gob.pe\/w\/index.php?rest_route=%2Fwp%2Fv2%2Fcategories&post=10623"},{"taxonomy":"post_tag","embeddable":true,"href":"https:\/\/ugelabancay.gob.pe\/w\/index.php?rest_route=%2Fwp%2Fv2%2Ftags&post=10623"}],"curies":[{"name":"wp","href":"https:\/\/api.w.org\/{rel}","templated":true}]}}