{"id":10954,"date":"2023-09-08T01:21:52","date_gmt":"2023-09-08T01:21:52","guid":{"rendered":"https:\/\/ugelabancay.gob.pe\/w\/?p=10954"},"modified":"2023-10-04T02:17:44","modified_gmt":"2023-10-04T02:17:44","slug":"se-abre-la-convocatoria-para-el-proceso-de-rotacion-por-interes-personal-de-personal-administrativo-bajo-regimen-laboral-del-decreto-legislativo-no-276","status":"publish","type":"post","link":"https:\/\/ugelabancay.gob.pe\/w\/?p=10954","title":{"rendered":"SE ABRE LA CONVOCATORIA PARA EL PROCESO DE ROTACI\u00d3N POR INTER\u00c9S PERSONAL DE PERSONAL ADMINISTRATIVO BAJO R\u00c9GIMEN LABORAL DEL DECRETO LEGISLATIVO N\u00ba 276."},"content":{"rendered":"\n<figure class=\"wp-block-image size-large\"><img decoding=\"async\" width=\"1024\" height=\"682\" src=\"https:\/\/ugelabancay.gob.pe\/w\/wp-content\/uploads\/2023\/09\/Convocatoria-dl-276-rotacion-1024x682.png\" alt=\"\" class=\"wp-image-10955\" srcset=\"https:\/\/ugelabancay.gob.pe\/w\/wp-content\/uploads\/2023\/09\/Convocatoria-dl-276-rotacion-1024x682.png 1024w, https:\/\/ugelabancay.gob.pe\/w\/wp-content\/uploads\/2023\/09\/Convocatoria-dl-276-rotacion-980x653.png 980w, https:\/\/ugelabancay.gob.pe\/w\/wp-content\/uploads\/2023\/09\/Convocatoria-dl-276-rotacion-480x320.png 480w\" sizes=\"(min-width: 0px) and (max-width: 480px) 480px, (min-width: 481px) and (max-width: 980px) 980px, (min-width: 981px) 1024px, 100vw\" \/><\/figure>\n\n\n\n<p class=\"has-medium-font-size\"><strong>Archivos adjuntos<\/strong>:<\/p>\n\n\n\n<div class=\"wp-block-file\"><a href=\"https:\/\/ugelabancay.gob.pe\/w\/wp-content\/uploads\/2023\/09\/FE-DE-ERRATAS.pdf\">FE-DE-ERRATAS<\/a><a href=\"https:\/\/ugelabancay.gob.pe\/w\/wp-content\/uploads\/2023\/09\/FE-DE-ERRATAS.pdf\" class=\"wp-block-file__button\" download>Descarga<\/a><\/div>\n","protected":false},"excerpt":{"rendered":"","protected":false},"author":4,"featured_media":4125,"comment_status":"closed","ping_status":"open","sticky":false,"template":"","format":"standard","meta":{"_acf_changed":false,"_et_pb_use_builder":"","_et_pb_old_content":"","_et_gb_content_width":"","footnotes":""},"categories":[5],"tags":[],"class_list":["post-10954","post","type-post","status-publish","format-standard","has-post-thumbnail","hentry","category-noticias"],"acf":[],"_links":{"self":[{"href":"https:\/\/ugelabancay.gob.pe\/w\/index.php?rest_route=\/wp\/v2\/posts\/10954","targetHints":{"allow":["GET"]}}],"collection":[{"href":"https:\/\/ugelabancay.gob.pe\/w\/index.php?rest_route=\/wp\/v2\/posts"}],"about":[{"href":"https:\/\/ugelabancay.gob.pe\/w\/index.php?rest_route=\/wp\/v2\/types\/post"}],"author":[{"embeddable":true,"href":"https:\/\/ugelabancay.gob.pe\/w\/index.php?rest_route=\/wp\/v2\/users\/4"}],"replies":[{"embeddable":true,"href":"https:\/\/ugelabancay.gob.pe\/w\/index.php?rest_route=%2Fwp%2Fv2%2Fcomments&post=10954"}],"version-history":[{"count":3,"href":"https:\/\/ugelabancay.gob.pe\/w\/index.php?rest_route=\/wp\/v2\/posts\/10954\/revisions"}],"predecessor-version":[{"id":11015,"href":"https:\/\/ugelabancay.gob.pe\/w\/index.php?rest_route=\/wp\/v2\/posts\/10954\/revisions\/11015"}],"wp:featuredmedia":[{"embeddable":true,"href":"https:\/\/ugelabancay.gob.pe\/w\/index.php?rest_route=\/wp\/v2\/media\/4125"}],"wp:attachment":[{"href":"https:\/\/ugelabancay.gob.pe\/w\/index.php?rest_route=%2Fwp%2Fv2%2Fmedia&parent=10954"}],"wp:term":[{"taxonomy":"category","embeddable":true,"href":"https:\/\/ugelabancay.gob.pe\/w\/index.php?rest_route=%2Fwp%2Fv2%2Fcategories&post=10954"},{"taxonomy":"post_tag","embeddable":true,"href":"https:\/\/ugelabancay.gob.pe\/w\/index.php?rest_route=%2Fwp%2Fv2%2Ftags&post=10954"}],"curies":[{"name":"wp","href":"https:\/\/api.w.org\/{rel}","templated":true}]}}