{"id":11485,"date":"2024-02-10T02:09:58","date_gmt":"2024-02-10T02:09:58","guid":{"rendered":"https:\/\/ugelabancay.gob.pe\/w\/?p=11485"},"modified":"2024-02-12T23:32:26","modified_gmt":"2024-02-12T23:32:26","slug":"publicacion-final-de-plazas-vacantes-auxiliares-de-educacion-2023-ugel-abancay","status":"publish","type":"post","link":"https:\/\/ugelabancay.gob.pe\/w\/?p=11485","title":{"rendered":"ACTUALIZACI\u00d3N DE LA PUBLICACI\u00d3N FINAL DE PLAZAS VACANTES &#8211; AUXILIARES DE EDUCACI\u00d3N 2023 &#8211; UGEL Abancay."},"content":{"rendered":"\n<figure class=\"wp-block-image size-large\"><img decoding=\"async\" width=\"1024\" height=\"1024\" src=\"https:\/\/ugelabancay.gob.pe\/w\/wp-content\/uploads\/2024\/02\/Comunicado-plazas-de-cargos-de-auxiliares-1024x1024.png\" alt=\"\" class=\"wp-image-11486\" srcset=\"https:\/\/ugelabancay.gob.pe\/w\/wp-content\/uploads\/2024\/02\/Comunicado-plazas-de-cargos-de-auxiliares-1024x1024.png 1024w, https:\/\/ugelabancay.gob.pe\/w\/wp-content\/uploads\/2024\/02\/Comunicado-plazas-de-cargos-de-auxiliares-980x980.png 980w, https:\/\/ugelabancay.gob.pe\/w\/wp-content\/uploads\/2024\/02\/Comunicado-plazas-de-cargos-de-auxiliares-480x480.png 480w\" sizes=\"(min-width: 0px) and (max-width: 480px) 480px, (min-width: 481px) and (max-width: 980px) 980px, (min-width: 981px) 1024px, 100vw\" \/><\/figure>\n\n\n\n<div class=\"wp-block-file\"><a href=\"https:\/\/ugelabancay.gob.pe\/w\/wp-content\/uploads\/2024\/02\/PUBLICACION-FINAL-plazas-auxiliar-de-educacionv2.pdf\">ACTUALIZACI\u00d3N &#8211; PUBLICACION-FINAL-plazas-auxiliar-de-educacionv2<\/a><a href=\"https:\/\/ugelabancay.gob.pe\/w\/wp-content\/uploads\/2024\/02\/PUBLICACION-FINAL-plazas-auxiliar-de-educacionv2.pdf\" class=\"wp-block-file__button\" download>Descarga<\/a><\/div>\n","protected":false},"excerpt":{"rendered":"","protected":false},"author":4,"featured_media":4125,"comment_status":"closed","ping_status":"open","sticky":false,"template":"","format":"standard","meta":{"_acf_changed":false,"_et_pb_use_builder":"","_et_pb_old_content":"","_et_gb_content_width":"","footnotes":""},"categories":[5],"tags":[],"class_list":["post-11485","post","type-post","status-publish","format-standard","has-post-thumbnail","hentry","category-noticias"],"acf":[],"_links":{"self":[{"href":"https:\/\/ugelabancay.gob.pe\/w\/index.php?rest_route=\/wp\/v2\/posts\/11485","targetHints":{"allow":["GET"]}}],"collection":[{"href":"https:\/\/ugelabancay.gob.pe\/w\/index.php?rest_route=\/wp\/v2\/posts"}],"about":[{"href":"https:\/\/ugelabancay.gob.pe\/w\/index.php?rest_route=\/wp\/v2\/types\/post"}],"author":[{"embeddable":true,"href":"https:\/\/ugelabancay.gob.pe\/w\/index.php?rest_route=\/wp\/v2\/users\/4"}],"replies":[{"embeddable":true,"href":"https:\/\/ugelabancay.gob.pe\/w\/index.php?rest_route=%2Fwp%2Fv2%2Fcomments&post=11485"}],"version-history":[{"count":3,"href":"https:\/\/ugelabancay.gob.pe\/w\/index.php?rest_route=\/wp\/v2\/posts\/11485\/revisions"}],"predecessor-version":[{"id":11491,"href":"https:\/\/ugelabancay.gob.pe\/w\/index.php?rest_route=\/wp\/v2\/posts\/11485\/revisions\/11491"}],"wp:featuredmedia":[{"embeddable":true,"href":"https:\/\/ugelabancay.gob.pe\/w\/index.php?rest_route=\/wp\/v2\/media\/4125"}],"wp:attachment":[{"href":"https:\/\/ugelabancay.gob.pe\/w\/index.php?rest_route=%2Fwp%2Fv2%2Fmedia&parent=11485"}],"wp:term":[{"taxonomy":"category","embeddable":true,"href":"https:\/\/ugelabancay.gob.pe\/w\/index.php?rest_route=%2Fwp%2Fv2%2Fcategories&post=11485"},{"taxonomy":"post_tag","embeddable":true,"href":"https:\/\/ugelabancay.gob.pe\/w\/index.php?rest_route=%2Fwp%2Fv2%2Ftags&post=11485"}],"curies":[{"name":"wp","href":"https:\/\/api.w.org\/{rel}","templated":true}]}}