{"id":14896,"date":"2026-03-14T22:12:34","date_gmt":"2026-03-14T22:12:34","guid":{"rendered":"https:\/\/ugelabancay.gob.pe\/w\/?p=14896"},"modified":"2026-03-31T00:59:07","modified_gmt":"2026-03-31T00:59:07","slug":"afiliciacion-y-o-actualizacion-siseve","status":"publish","type":"post","link":"https:\/\/ugelabancay.gob.pe\/w\/?p=14896","title":{"rendered":"AFILICIACI\u00d3N Y\/O ACTUALIZACION &#8211; SISEVE"},"content":{"rendered":"\n<figure class=\"wp-block-image size-large\"><img decoding=\"async\" width=\"724\" height=\"1024\" src=\"https:\/\/ugelabancay.gob.pe\/w\/wp-content\/uploads\/2026\/03\/image-1-724x1024.png\" alt=\"\" class=\"wp-image-14897\" \/><\/figure>\n\n\n\n<p>COMUNICADO IMPORTANTE \u2013 AFILIACI\u00d3N Y\/O ACTUALIZACI\u00d3N S\u00cdSEVE 2026<br>Se recuerda a los directores de los niveles inicial, primaria y secundaria de la UGEL Abancay, que deben realizar la afiliaci\u00f3n y\/o actualizaci\u00f3n de datos (del director y responsable de convivencia escolar) en el portal S\u00edseVe, correspondiente al a\u00f1o lectivo 2026.<br>Enlace al oficio correspondiente:<br><a href=\"https:\/\/drive.google.com\/file\/d\/1VbiR4M_AYD8EFF46zeQuk2YSTyFV5N3L\/view?usp=sharing\">https:\/\/drive.google.com\/file\/d\/1VbiR4M_AYD8EFF46zeQuk2YSTyFV5N3L\/view?usp=sharing<\/a><\/p>\n","protected":false},"excerpt":{"rendered":"<p>COMUNICADO IMPORTANTE \u2013 AFILIACI\u00d3N Y\/O ACTUALIZACI\u00d3N S\u00cdSEVE 2026Se recuerda a los directores de los niveles inicial, primaria y secundaria de la UGEL Abancay, que deben realizar la afiliaci\u00f3n y\/o actualizaci\u00f3n de datos (del director y responsable de convivencia escolar) en el portal S\u00edseVe, correspondiente al a\u00f1o lectivo 2026.Enlace al oficio correspondiente:https:\/\/drive.google.com\/file\/d\/1VbiR4M_AYD8EFF46zeQuk2YSTyFV5N3L\/view?usp=sharing<\/p>\n","protected":false},"author":4,"featured_media":4125,"comment_status":"closed","ping_status":"open","sticky":false,"template":"","format":"standard","meta":{"_acf_changed":false,"_et_pb_use_builder":"","_et_pb_old_content":"","_et_gb_content_width":"","footnotes":""},"categories":[5],"tags":[],"class_list":["post-14896","post","type-post","status-publish","format-standard","has-post-thumbnail","hentry","category-noticias"],"acf":[],"_links":{"self":[{"href":"https:\/\/ugelabancay.gob.pe\/w\/index.php?rest_route=\/wp\/v2\/posts\/14896","targetHints":{"allow":["GET"]}}],"collection":[{"href":"https:\/\/ugelabancay.gob.pe\/w\/index.php?rest_route=\/wp\/v2\/posts"}],"about":[{"href":"https:\/\/ugelabancay.gob.pe\/w\/index.php?rest_route=\/wp\/v2\/types\/post"}],"author":[{"embeddable":true,"href":"https:\/\/ugelabancay.gob.pe\/w\/index.php?rest_route=\/wp\/v2\/users\/4"}],"replies":[{"embeddable":true,"href":"https:\/\/ugelabancay.gob.pe\/w\/index.php?rest_route=%2Fwp%2Fv2%2Fcomments&post=14896"}],"version-history":[{"count":1,"href":"https:\/\/ugelabancay.gob.pe\/w\/index.php?rest_route=\/wp\/v2\/posts\/14896\/revisions"}],"predecessor-version":[{"id":14898,"href":"https:\/\/ugelabancay.gob.pe\/w\/index.php?rest_route=\/wp\/v2\/posts\/14896\/revisions\/14898"}],"wp:featuredmedia":[{"embeddable":true,"href":"https:\/\/ugelabancay.gob.pe\/w\/index.php?rest_route=\/wp\/v2\/media\/4125"}],"wp:attachment":[{"href":"https:\/\/ugelabancay.gob.pe\/w\/index.php?rest_route=%2Fwp%2Fv2%2Fmedia&parent=14896"}],"wp:term":[{"taxonomy":"category","embeddable":true,"href":"https:\/\/ugelabancay.gob.pe\/w\/index.php?rest_route=%2Fwp%2Fv2%2Fcategories&post=14896"},{"taxonomy":"post_tag","embeddable":true,"href":"https:\/\/ugelabancay.gob.pe\/w\/index.php?rest_route=%2Fwp%2Fv2%2Ftags&post=14896"}],"curies":[{"name":"wp","href":"https:\/\/api.w.org\/{rel}","templated":true}]}}