{"id":15071,"date":"2026-04-29T21:13:05","date_gmt":"2026-04-29T21:13:05","guid":{"rendered":"https:\/\/ugelabancay.gob.pe\/w\/?p=15071"},"modified":"2026-04-29T21:13:06","modified_gmt":"2026-04-29T21:13:06","slug":"juntos-por-una-convivencia-sana-en-el-marco-de-la-semana-de-sensibilizacion-contra-la-violencia-escolar-la-ugel-abancay-pone-a-disposicion-propuestas-pedagogicas-disenadas-para-fortalecer-el-r","status":"publish","type":"post","link":"https:\/\/ugelabancay.gob.pe\/w\/?p=15071","title":{"rendered":"\u00a1Juntos por una convivencia sana! En el marco de la Semana de Sensibilizaci\u00f3n contra la Violencia Escolar, la UGEL Abancay pone a disposici\u00f3n propuestas pedag\u00f3gicas dise\u00f1adas para fortalecer el respeto y la armon\u00eda en nuestras instituciones de Educaci\u00f3n B\u00e1sica Especial (EBE) y Regular (EBR)"},"content":{"rendered":"\n<figure class=\"wp-block-image size-large\"><img decoding=\"async\" width=\"1024\" height=\"724\" src=\"https:\/\/ugelabancay.gob.pe\/w\/wp-content\/uploads\/2026\/04\/image-1024x724.png\" alt=\"\" class=\"wp-image-15072\" srcset=\"https:\/\/ugelabancay.gob.pe\/w\/wp-content\/uploads\/2026\/04\/image-980x693.png 980w, https:\/\/ugelabancay.gob.pe\/w\/wp-content\/uploads\/2026\/04\/image-480x339.png 480w\" sizes=\"(min-width: 0px) and (max-width: 480px) 480px, (min-width: 481px) and (max-width: 980px) 980px, (min-width: 981px) 1024px, 100vw\" \/><\/figure>\n\n\n\n<p>Oficio Mult. 068 &#8211; Remite y dispone implementaci\u00f3n de propuestas pedag\u00f3gicas en el marco de la semana de sensibilizaci\u00f3n \u00abLA EDUCACI\u00d3N ES VACUNA CONTRA LA VIOLENCIA\u00bb<\/p>\n\n\n\n<p><a href=\"https:\/\/drive.google.com\/file\/d\/17YMv3sWLK8BY-xzvB-IDHW57e879SMOx\/view?usp=sharing\">https:\/\/drive.google.com\/file\/d\/17YMv3sWLK8BY-xzvB-IDHW57e879SMOx\/view?usp=sharing<\/a><\/p>\n\n\n\n<p>Orientaciones NIVEL INICIAL<\/p>\n\n\n\n<p><a href=\"https:\/\/drive.google.com\/drive\/folders\/1dcZSWGCPIGuqc-yIQAvSSDSy-4aCNPw0?usp=sharing\">https:\/\/drive.google.com\/drive\/folders\/1dcZSWGCPIGuqc-yIQAvSSDSy-4aCNPw0?usp=sharing<\/a><\/p>\n\n\n\n<p>Orientaciones NIVEL PRIMARIA<\/p>\n\n\n\n<p><a href=\"https:\/\/drive.google.com\/drive\/folders\/1e3mPGHMXTizfU4ivWjcBiABWEXzPJYEM?usp=sharing\">https:\/\/drive.google.com\/drive\/folders\/1e3mPGHMXTizfU4ivWjcBiABWEXzPJYEM?usp=sharing<\/a><\/p>\n\n\n\n<p>Orientaciones NIVEL SECUNDARIA<\/p>\n\n\n\n<p><a href=\"https:\/\/drive.google.com\/drive\/folders\/1Fk4X0dO4hxQvYb30pb_PJe974YgjuBdP?usp=sharing\">https:\/\/drive.google.com\/drive\/folders\/1Fk4X0dO4hxQvYb30pb_PJe974YgjuBdP?usp=sharing<\/a><\/p>\n","protected":false},"excerpt":{"rendered":"<p>Oficio Mult. 068 &#8211; Remite y dispone implementaci\u00f3n de propuestas pedag\u00f3gicas en el marco de la semana de sensibilizaci\u00f3n \u00abLA EDUCACI\u00d3N ES VACUNA CONTRA LA VIOLENCIA\u00bb https:\/\/drive.google.com\/file\/d\/17YMv3sWLK8BY-xzvB-IDHW57e879SMOx\/view?usp=sharing Orientaciones NIVEL INICIAL https:\/\/drive.google.com\/drive\/folders\/1dcZSWGCPIGuqc-yIQAvSSDSy-4aCNPw0?usp=sharing Orientaciones NIVEL PRIMARIA https:\/\/drive.google.com\/drive\/folders\/1e3mPGHMXTizfU4ivWjcBiABWEXzPJYEM?usp=sharing Orientaciones NIVEL SECUNDARIA https:\/\/drive.google.com\/drive\/folders\/1Fk4X0dO4hxQvYb30pb_PJe974YgjuBdP?usp=sharing<\/p>\n","protected":false},"author":4,"featured_media":4125,"comment_status":"closed","ping_status":"open","sticky":false,"template":"","format":"standard","meta":{"_acf_changed":false,"_et_pb_use_builder":"","_et_pb_old_content":"","_et_gb_content_width":"","footnotes":""},"categories":[11,5],"tags":[],"class_list":["post-15071","post","type-post","status-publish","format-standard","has-post-thumbnail","hentry","category-comunicados","category-noticias"],"acf":[],"_links":{"self":[{"href":"https:\/\/ugelabancay.gob.pe\/w\/index.php?rest_route=\/wp\/v2\/posts\/15071","targetHints":{"allow":["GET"]}}],"collection":[{"href":"https:\/\/ugelabancay.gob.pe\/w\/index.php?rest_route=\/wp\/v2\/posts"}],"about":[{"href":"https:\/\/ugelabancay.gob.pe\/w\/index.php?rest_route=\/wp\/v2\/types\/post"}],"author":[{"embeddable":true,"href":"https:\/\/ugelabancay.gob.pe\/w\/index.php?rest_route=\/wp\/v2\/users\/4"}],"replies":[{"embeddable":true,"href":"https:\/\/ugelabancay.gob.pe\/w\/index.php?rest_route=%2Fwp%2Fv2%2Fcomments&post=15071"}],"version-history":[{"count":1,"href":"https:\/\/ugelabancay.gob.pe\/w\/index.php?rest_route=\/wp\/v2\/posts\/15071\/revisions"}],"predecessor-version":[{"id":15073,"href":"https:\/\/ugelabancay.gob.pe\/w\/index.php?rest_route=\/wp\/v2\/posts\/15071\/revisions\/15073"}],"wp:featuredmedia":[{"embeddable":true,"href":"https:\/\/ugelabancay.gob.pe\/w\/index.php?rest_route=\/wp\/v2\/media\/4125"}],"wp:attachment":[{"href":"https:\/\/ugelabancay.gob.pe\/w\/index.php?rest_route=%2Fwp%2Fv2%2Fmedia&parent=15071"}],"wp:term":[{"taxonomy":"category","embeddable":true,"href":"https:\/\/ugelabancay.gob.pe\/w\/index.php?rest_route=%2Fwp%2Fv2%2Fcategories&post=15071"},{"taxonomy":"post_tag","embeddable":true,"href":"https:\/\/ugelabancay.gob.pe\/w\/index.php?rest_route=%2Fwp%2Fv2%2Ftags&post=15071"}],"curies":[{"name":"wp","href":"https:\/\/api.w.org\/{rel}","templated":true}]}}