{"id":8852,"date":"2022-07-25T22:21:04","date_gmt":"2022-07-25T22:21:04","guid":{"rendered":"https:\/\/ugelabancay.gob.pe\/w\/?p=8852"},"modified":"2022-07-31T21:32:30","modified_gmt":"2022-07-31T21:32:30","slug":"reasignacion-docente-etapa-interregional","status":"publish","type":"post","link":"https:\/\/ugelabancay.gob.pe\/w\/?p=8852","title":{"rendered":"REASIGNACI\u00d3N DOCENTE &#8211; ETAPA INTERREGIONAL."},"content":{"rendered":"\n<figure class=\"wp-block-image size-large\"><img decoding=\"async\" width=\"1024\" height=\"724\" src=\"https:\/\/ugelabancay.gob.pe\/w\/wp-content\/uploads\/2022\/07\/REASIGNACION-COMUNICADO-1-1024x724.gif\" alt=\"\" class=\"wp-image-8853\" srcset=\"https:\/\/ugelabancay.gob.pe\/w\/wp-content\/uploads\/2022\/07\/REASIGNACION-COMUNICADO-1-980x551.gif 980w, https:\/\/ugelabancay.gob.pe\/w\/wp-content\/uploads\/2022\/07\/REASIGNACION-COMUNICADO-1-480x270.gif 480w\" sizes=\"(min-width: 0px) and (max-width: 480px) 480px, (min-width: 481px) and (max-width: 980px) 980px, (min-width: 981px) 1024px, 100vw\" \/><\/figure>\n\n\n\n<div class=\"wp-block-file\"><a href=\"https:\/\/ugelabancay.gob.pe\/w\/wp-content\/uploads\/2022\/07\/PLAZAS-VALIDADAS-REASIGNACION-INTER-REGIONAL-2022.pdf\">PLAZAS-VALIDADAS-REASIGNACION-INTER-REGIONAL-2022<\/a><a href=\"https:\/\/ugelabancay.gob.pe\/w\/wp-content\/uploads\/2022\/07\/PLAZAS-VALIDADAS-REASIGNACION-INTER-REGIONAL-2022.pdf\" class=\"wp-block-file__button\" download>Descarga<\/a><\/div>\n\n\n\n<p>UGEL ABANCAY le est\u00e1 invitando a una reuni\u00f3n de Zoom programada.<\/p>\n\n\n\n<p>Tema: Reasignaci\u00f3n Etapa Interregional<br>Hora: 26 jul 2022 03:00 p.&nbsp;m. Lima<\/p>\n\n\n\n<p>Unirse a la reuni\u00f3n Zoom<br><a href=\"https:\/\/us06web.zoom.us\/j\/81632360426?pwd=dEMwZmtTVk1pRkhzS1dTaGVXWDJRUT09\" target=\"_blank\" rel=\"noreferrer noopener\">https:\/\/us06web.zoom.us\/j\/81632360426?pwd=dEMwZmtTVk1pRkhzS1dTaGVXWDJRUT09<\/a><\/p>\n\n\n\n<p>ID de reuni\u00f3n: 816 3236 0426<br>C\u00f3digo de acceso: 610501<\/p>\n","protected":false},"excerpt":{"rendered":"<p>UGEL ABANCAY le est\u00e1 invitando a una reuni\u00f3n de Zoom programada. Tema: Reasignaci\u00f3n Etapa InterregionalHora: 26 jul 2022 03:00 p.&nbsp;m. Lima Unirse a la reuni\u00f3n Zoomhttps:\/\/us06web.zoom.us\/j\/81632360426?pwd=dEMwZmtTVk1pRkhzS1dTaGVXWDJRUT09 ID de reuni\u00f3n: 816 3236 0426C\u00f3digo de acceso: 610501<\/p>\n","protected":false},"author":4,"featured_media":4125,"comment_status":"closed","ping_status":"open","sticky":false,"template":"","format":"standard","meta":{"_acf_changed":false,"_et_pb_use_builder":"","_et_pb_old_content":"","_et_gb_content_width":"","footnotes":""},"categories":[5],"tags":[],"class_list":["post-8852","post","type-post","status-publish","format-standard","has-post-thumbnail","hentry","category-noticias"],"acf":[],"_links":{"self":[{"href":"https:\/\/ugelabancay.gob.pe\/w\/index.php?rest_route=\/wp\/v2\/posts\/8852","targetHints":{"allow":["GET"]}}],"collection":[{"href":"https:\/\/ugelabancay.gob.pe\/w\/index.php?rest_route=\/wp\/v2\/posts"}],"about":[{"href":"https:\/\/ugelabancay.gob.pe\/w\/index.php?rest_route=\/wp\/v2\/types\/post"}],"author":[{"embeddable":true,"href":"https:\/\/ugelabancay.gob.pe\/w\/index.php?rest_route=\/wp\/v2\/users\/4"}],"replies":[{"embeddable":true,"href":"https:\/\/ugelabancay.gob.pe\/w\/index.php?rest_route=%2Fwp%2Fv2%2Fcomments&post=8852"}],"version-history":[{"count":1,"href":"https:\/\/ugelabancay.gob.pe\/w\/index.php?rest_route=\/wp\/v2\/posts\/8852\/revisions"}],"predecessor-version":[{"id":8855,"href":"https:\/\/ugelabancay.gob.pe\/w\/index.php?rest_route=\/wp\/v2\/posts\/8852\/revisions\/8855"}],"wp:featuredmedia":[{"embeddable":true,"href":"https:\/\/ugelabancay.gob.pe\/w\/index.php?rest_route=\/wp\/v2\/media\/4125"}],"wp:attachment":[{"href":"https:\/\/ugelabancay.gob.pe\/w\/index.php?rest_route=%2Fwp%2Fv2%2Fmedia&parent=8852"}],"wp:term":[{"taxonomy":"category","embeddable":true,"href":"https:\/\/ugelabancay.gob.pe\/w\/index.php?rest_route=%2Fwp%2Fv2%2Fcategories&post=8852"},{"taxonomy":"post_tag","embeddable":true,"href":"https:\/\/ugelabancay.gob.pe\/w\/index.php?rest_route=%2Fwp%2Fv2%2Ftags&post=8852"}],"curies":[{"name":"wp","href":"https:\/\/api.w.org\/{rel}","templated":true}]}}