{"id":9769,"date":"2023-02-08T22:21:49","date_gmt":"2023-02-08T22:21:49","guid":{"rendered":"https:\/\/ugelabancay.gob.pe\/w\/?p=9769"},"modified":"2023-02-28T23:27:50","modified_gmt":"2023-02-28T23:27:50","slug":"examen-i-fase-pua-2023-coar","status":"publish","type":"post","link":"https:\/\/ugelabancay.gob.pe\/w\/?p=9769","title":{"rendered":"EXAMEN I FASE PUA &#8211; 2023 &#8211; COAR."},"content":{"rendered":"\n<figure class=\"wp-block-image size-large\"><img decoding=\"async\" width=\"1024\" height=\"1024\" src=\"https:\/\/ugelabancay.gob.pe\/w\/wp-content\/uploads\/2023\/02\/Imagen-de-WhatsApp-2023-02-08-a-las-09.33.53-1024x1024.jpg\" alt=\"\" class=\"wp-image-9770\" srcset=\"https:\/\/ugelabancay.gob.pe\/w\/wp-content\/uploads\/2023\/02\/Imagen-de-WhatsApp-2023-02-08-a-las-09.33.53-1024x1024.jpg 1024w, https:\/\/ugelabancay.gob.pe\/w\/wp-content\/uploads\/2023\/02\/Imagen-de-WhatsApp-2023-02-08-a-las-09.33.53-980x980.jpg 980w, https:\/\/ugelabancay.gob.pe\/w\/wp-content\/uploads\/2023\/02\/Imagen-de-WhatsApp-2023-02-08-a-las-09.33.53-480x480.jpg 480w\" sizes=\"(min-width: 0px) and (max-width: 480px) 480px, (min-width: 481px) and (max-width: 980px) 980px, (min-width: 981px) 1024px, 100vw\" \/><\/figure>\n\n\n\n<p><strong>Estimados Postulantes y Padres de Familia. Este domingo 12 de febrero se va a llevar a cabo el Examen de la I Fase del proceso \u00danico de Admisi\u00f3n al COAR a nivel nacional seg\u00fan lo establecido en el cronograma. Los estudiantes deben presentarse a la Instituci\u00f3n educativa desde las 7:30 a fin de garantizar un ingreso seguro a la sede. Las sedes en Apur\u00edmac son:<\/strong><br><strong>\ud83d\udc49\ud83c\udffbABANCAY <\/strong>I.E. \u00abNuestra Se\u00f1ora de las Mercedes\u00bb \ud83d\udcccAv Per\u00fa N\u00b0 850<br><strong>\ud83d\udc49\ud83c\udffbANDAHUAYLAS <\/strong>\u00abI.E. Bel\u00e9n de Osma y Pardo\u00bb \ud83d\udcccAv Per\u00fa N\u00b0 771<br><strong>\ud83d\udc49\ud83c\udffbCHALLHUANCA <\/strong>COAR Apur\u00edmac \ud83d\udccc Av Tupac Amaru. Pairaca s\/n<br><strong>\ud83d\udc49\ud83c\udffbCHUQUIBAMBILLA <\/strong>I.E \u201cJos\u00e9 Mar\u00eda Arguedas\u201d \ud83d\udcccCalle Santa Elena s\/n<\/p>\n\n\n\n<p>\u00a1\u00a1Los&nbsp;esperamos!!<\/p>\n","protected":false},"excerpt":{"rendered":"<p>Estimados Postulantes y Padres de Familia. Este domingo 12 de febrero se va a llevar a cabo el Examen de la I Fase del proceso \u00danico de Admisi\u00f3n al COAR a nivel nacional seg\u00fan lo establecido en el cronograma. Los estudiantes deben presentarse a la Instituci\u00f3n educativa desde las 7:30 a fin de garantizar un [&hellip;]<\/p>\n","protected":false},"author":4,"featured_media":4125,"comment_status":"closed","ping_status":"open","sticky":false,"template":"","format":"standard","meta":{"_acf_changed":false,"_et_pb_use_builder":"","_et_pb_old_content":"","_et_gb_content_width":"","footnotes":""},"categories":[5],"tags":[],"class_list":["post-9769","post","type-post","status-publish","format-standard","has-post-thumbnail","hentry","category-noticias"],"acf":[],"_links":{"self":[{"href":"https:\/\/ugelabancay.gob.pe\/w\/index.php?rest_route=\/wp\/v2\/posts\/9769","targetHints":{"allow":["GET"]}}],"collection":[{"href":"https:\/\/ugelabancay.gob.pe\/w\/index.php?rest_route=\/wp\/v2\/posts"}],"about":[{"href":"https:\/\/ugelabancay.gob.pe\/w\/index.php?rest_route=\/wp\/v2\/types\/post"}],"author":[{"embeddable":true,"href":"https:\/\/ugelabancay.gob.pe\/w\/index.php?rest_route=\/wp\/v2\/users\/4"}],"replies":[{"embeddable":true,"href":"https:\/\/ugelabancay.gob.pe\/w\/index.php?rest_route=%2Fwp%2Fv2%2Fcomments&post=9769"}],"version-history":[{"count":1,"href":"https:\/\/ugelabancay.gob.pe\/w\/index.php?rest_route=\/wp\/v2\/posts\/9769\/revisions"}],"predecessor-version":[{"id":9771,"href":"https:\/\/ugelabancay.gob.pe\/w\/index.php?rest_route=\/wp\/v2\/posts\/9769\/revisions\/9771"}],"wp:featuredmedia":[{"embeddable":true,"href":"https:\/\/ugelabancay.gob.pe\/w\/index.php?rest_route=\/wp\/v2\/media\/4125"}],"wp:attachment":[{"href":"https:\/\/ugelabancay.gob.pe\/w\/index.php?rest_route=%2Fwp%2Fv2%2Fmedia&parent=9769"}],"wp:term":[{"taxonomy":"category","embeddable":true,"href":"https:\/\/ugelabancay.gob.pe\/w\/index.php?rest_route=%2Fwp%2Fv2%2Fcategories&post=9769"},{"taxonomy":"post_tag","embeddable":true,"href":"https:\/\/ugelabancay.gob.pe\/w\/index.php?rest_route=%2Fwp%2Fv2%2Ftags&post=9769"}],"curies":[{"name":"wp","href":"https:\/\/api.w.org\/{rel}","templated":true}]}}